{"id":1290,"date":"2012-06-17T19:52:27","date_gmt":"2012-06-17T17:52:27","guid":{"rendered":"http:\/\/www.tsv-rugby.de\/php\/wordpress\/?p=1290"},"modified":"2012-06-17T19:52:37","modified_gmt":"2012-06-17T17:52:37","slug":"maedchen-rugby-team-eine-idee-wird-wirklichkeit","status":"publish","type":"post","link":"https:\/\/www.tsv-rugby.de\/php\/wordpress\/2012\/06\/maedchen-rugby-team-eine-idee-wird-wirklichkeit","title":{"rendered":"M\u00e4dchen-Rugby-Team &#8211; eine Idee wird Wirklichkeit"},"content":{"rendered":"<p>In den Schul-AGs gibt es inzwischen viele rugbybegeisterte M\u00e4dchen, in den Vereinen sind die Teams zwar gemischt, meist jedoch die Jungen deutlich in der \u00dcberzahl. Das l\u00e4sst viele M\u00e4dchen offensichtlich z\u00f6gern, am Vereinstraining teilzunehmen.<br \/>\n<!--more--><br \/>\nDeshalb wurde auf unserer Jugendabteilung-Sitzung im Mai beschlossen, ein M\u00e4dchenteam zu gr\u00fcnden!<\/p>\n<p>Als Gr\u00fcndungs-Trainer stehen Giovanni Miucci und Matthias Bechtel bereit, welche von Sabrina Heising und Stefan Gutfleisch unterst\u00fctzt werden.<\/p>\n<p>Jedoch soll dieses Team nicht etwa in Konkurrenz zu den schon bestehenden gemischten Teams stehen, sondern parallel erg\u00e4nzend dazu.<\/p>\n<p>Willkommen sind zun\u00e4chst interessierte M\u00e4dchen der Jahrg\u00e4nge 1999 &#8211; 2002. Sollten sich genug M\u00e4dchen anderer Jahrg\u00e4nge finden, k\u00f6nnten wir auch gerne weitere Gruppen einrichten.<\/p>\n<p>Nach vielen Vorgespr\u00e4chen m\u00f6chten wir nach der Kerwe unser Projekt &#8222;M\u00e4dchen-Rugby-Team&#8220; starten.<br \/>\nAnbieten w\u00fcrde sich anfangs einer der \u00fcblichen Trainingstage (Dienstag und Donnerstag).<br \/>\nIn Absprache w\u00e4ren aber auch andere Tage denkbar.<\/p>\n<p>Unser erstes Treffen (mit erstem leichten Training) ist am Donnerstag, 21. Juni 2012 um 17.30 Uhr auf dem TSV-Rugbyplatz (Tiergartenstra\u00dfe 7a).<\/p>\n<p>Bei diesem ersten Treffen k\u00f6nnen wir dann auch in Ruhe besprechen, ob Tag und Uhrzeit passen oder ob wir vielleicht etwas \u00e4ndern sollten. Deshalb bitte alle an diesem Termin kommen!<br \/>\nEs gen\u00fcgt normales Sportzeug, d.h. auch Turnschuhe sind geeignet. <\/p>\n<p>Mit erwartungsfrohen Gr\u00fc\u00dfen,<br \/>\nElke Bayer<br \/>\nJugendleiterin<\/p>\n","protected":false},"excerpt":{"rendered":"<p>In den Schul-AGs gibt es inzwischen viele rugbybegeisterte M\u00e4dchen, in den Vereinen sind die Teams zwar gemischt, meist jedoch die Jungen deutlich in der \u00dcberzahl. Das l\u00e4sst viele M\u00e4dchen offensichtlich z\u00f6gern, am Vereinstraining teilzunehmen.<\/p>\n","protected":false},"author":1,"featured_media":0,"comment_status":"closed","ping_status":"closed","sticky":false,"template":"","format":"standard","meta":{"footnotes":""},"categories":[5],"tags":[],"class_list":["post-1290","post","type-post","status-publish","format-standard","hentry","category-jugend"],"_links":{"self":[{"href":"https:\/\/www.tsv-rugby.de\/php\/wordpress\/wp-json\/wp\/v2\/posts\/1290","targetHints":{"allow":["GET"]}}],"collection":[{"href":"https:\/\/www.tsv-rugby.de\/php\/wordpress\/wp-json\/wp\/v2\/posts"}],"about":[{"href":"https:\/\/www.tsv-rugby.de\/php\/wordpress\/wp-json\/wp\/v2\/types\/post"}],"author":[{"embeddable":true,"href":"https:\/\/www.tsv-rugby.de\/php\/wordpress\/wp-json\/wp\/v2\/users\/1"}],"replies":[{"embeddable":true,"href":"https:\/\/www.tsv-rugby.de\/php\/wordpress\/wp-json\/wp\/v2\/comments?post=1290"}],"version-history":[{"count":0,"href":"https:\/\/www.tsv-rugby.de\/php\/wordpress\/wp-json\/wp\/v2\/posts\/1290\/revisions"}],"wp:attachment":[{"href":"https:\/\/www.tsv-rugby.de\/php\/wordpress\/wp-json\/wp\/v2\/media?parent=1290"}],"wp:term":[{"taxonomy":"category","embeddable":true,"href":"https:\/\/www.tsv-rugby.de\/php\/wordpress\/wp-json\/wp\/v2\/categories?post=1290"},{"taxonomy":"post_tag","embeddable":true,"href":"https:\/\/www.tsv-rugby.de\/php\/wordpress\/wp-json\/wp\/v2\/tags?post=1290"}],"curies":[{"name":"wp","href":"https:\/\/api.w.org\/{rel}","templated":true}]}}