{"id":2020,"date":"2013-08-29T15:37:08","date_gmt":"2013-08-29T14:37:08","guid":{"rendered":"http:\/\/www.tsv-rugby.de\/php\/wordpress\/?p=2020"},"modified":"2013-08-29T19:49:57","modified_gmt":"2013-08-29T18:49:57","slug":"viele-ausfaelle-gegen-den-tv-pforzheim","status":"publish","type":"post","link":"https:\/\/www.tsv-rugby.de\/php\/wordpress\/2013\/08\/viele-ausfaelle-gegen-den-tv-pforzheim","title":{"rendered":"Viele Ausf\u00e4lle gegen den TV Pforzheim"},"content":{"rendered":"<div id=\"attachment_2021\" style=\"width: 485px\" class=\"wp-caption alignleft\"><a href=\"http:\/\/www.tsv-rugby.de\/php\/wordpress\/wp-content\/uploads\/2013\/08\/Bender.jpg\"><img loading=\"lazy\" decoding=\"async\" aria-describedby=\"caption-attachment-2021\" class=\" wp-image-2021 \" alt=\"Marcus Bender ist am Wochenende wieder mit von der Partie\" src=\"http:\/\/www.tsv-rugby.de\/php\/wordpress\/wp-content\/uploads\/2013\/08\/Bender.jpg\" width=\"475\" height=\"293\" srcset=\"https:\/\/www.tsv-rugby.de\/php\/wordpress\/wp-content\/uploads\/2013\/08\/Bender.jpg 791w, https:\/\/www.tsv-rugby.de\/php\/wordpress\/wp-content\/uploads\/2013\/08\/Bender-300x185.jpg 300w\" sizes=\"auto, (max-width: 475px) 100vw, 475px\" \/><\/a><p id=\"caption-attachment-2021\" class=\"wp-caption-text\">Marcus Bender ist am Wochenende wieder mit von der Partie<\/p><\/div>\n<p>R\u00fcckschlag f\u00fcr die L\u00f6wen: Bereits kurz nach dem Saisonauftakt hat das neue Trainergespann mit den ersten<strong> Verletzungsproblemen<\/strong> im Kader zu k\u00e4mpfen. Zu den Langzeitverletzten <strong>Felix Bayer<\/strong> (Bandscheiben), <strong>Sebastian K\u00f6\u00dfler<\/strong> (Schulter) und <strong>Mathias Marin<\/strong> (Schulter) gesellen sich in dieser Woche auch Hakler <strong>Christopher Sacksofsky<\/strong> (Kreuzband), 2. Reihe St\u00fcrmer<strong> Lukas Rosenthal<\/strong> (Meniskus, Innenband) und Innen <strong>Tonio Kr\u00fcger<\/strong> (Schulter).<br \/>\nPositiv dagegen ist die<strong> R\u00fcckkehr<\/strong> der beiden letzten Urlauber im TSV-Team, Gregor Hartmann und Marcus Bender, sowie von Lukas H\u00fcbschmann. Alle drei St\u00fcrmer werden gegen den TV Pforzheim am Wochenende einsatzbereit sein.<\/p>\n<p>Der<strong> TV Pforzheim<\/strong> dagegen hat alle Mann an Bord. Nachdem in der Sommerpause <strong>m\u00e4chtig aufger\u00fcstet<\/strong> wurde &#8211; u.a. der ehemalige Nationalspieler Tim Kasten l\u00e4uft jetzt f\u00fcr die Rhinos auf &#8211; verpassten die Nordschwarzw\u00e4lder der RGH am Mittwoch eine schmerzliche 12:68 Niederlage. Das erste Ausw\u00e4rtsspiel, das von Schiedsrichter Florian Forstmeyer am <strong>Samstag um 14 Uhr in Pforzheim<\/strong> angepfiffen wird, ist also ein weiterer Pr\u00fcfstein f\u00fcr die junge L\u00f6wentruppe von Alex Pipa. Die Mannschaft freut sich \u00fcber eifrige<strong> Schlachtenbummler<\/strong>, die sie bei dieser schweren Aufgabe unterst\u00fctzen.<\/p>\n","protected":false},"excerpt":{"rendered":"<p>R\u00fcckschlag f\u00fcr die L\u00f6wen: Bereits kurz nach dem Saisonauftakt hat das neue Trainergespann mit den ersten Verletzungsproblemen im Kader zu k\u00e4mpfen. Zu den Langzeitverletzten Felix Bayer (Bandscheiben), Sebastian K\u00f6\u00dfler (Schulter) und Mathias Marin (Schulter) gesellen sich in dieser Woche auch Hakler Christopher Sacksofsky (Kreuzband), 2. Reihe St\u00fcrmer Lukas Rosenthal (Meniskus, Innenband) und Innen Tonio Kr\u00fcger [&hellip;]<\/p>\n","protected":false},"author":12,"featured_media":0,"comment_status":"closed","ping_status":"closed","sticky":false,"template":"","format":"standard","meta":{"footnotes":""},"categories":[3],"tags":[],"class_list":["post-2020","post","type-post","status-publish","format-standard","hentry","category-1-xv"],"_links":{"self":[{"href":"https:\/\/www.tsv-rugby.de\/php\/wordpress\/wp-json\/wp\/v2\/posts\/2020","targetHints":{"allow":["GET"]}}],"collection":[{"href":"https:\/\/www.tsv-rugby.de\/php\/wordpress\/wp-json\/wp\/v2\/posts"}],"about":[{"href":"https:\/\/www.tsv-rugby.de\/php\/wordpress\/wp-json\/wp\/v2\/types\/post"}],"author":[{"embeddable":true,"href":"https:\/\/www.tsv-rugby.de\/php\/wordpress\/wp-json\/wp\/v2\/users\/12"}],"replies":[{"embeddable":true,"href":"https:\/\/www.tsv-rugby.de\/php\/wordpress\/wp-json\/wp\/v2\/comments?post=2020"}],"version-history":[{"count":0,"href":"https:\/\/www.tsv-rugby.de\/php\/wordpress\/wp-json\/wp\/v2\/posts\/2020\/revisions"}],"wp:attachment":[{"href":"https:\/\/www.tsv-rugby.de\/php\/wordpress\/wp-json\/wp\/v2\/media?parent=2020"}],"wp:term":[{"taxonomy":"category","embeddable":true,"href":"https:\/\/www.tsv-rugby.de\/php\/wordpress\/wp-json\/wp\/v2\/categories?post=2020"},{"taxonomy":"post_tag","embeddable":true,"href":"https:\/\/www.tsv-rugby.de\/php\/wordpress\/wp-json\/wp\/v2\/tags?post=2020"}],"curies":[{"name":"wp","href":"https:\/\/api.w.org\/{rel}","templated":true}]}}