{"id":3390,"date":"2016-08-05T18:49:05","date_gmt":"2016-08-05T16:49:05","guid":{"rendered":"http:\/\/www.tsv-rugby.de\/php\/wordpress\/?p=3390"},"modified":"2016-08-05T19:31:03","modified_gmt":"2016-08-05T17:31:03","slug":"hendesse-fuer-deutschland","status":"publish","type":"post","link":"https:\/\/www.tsv-rugby.de\/php\/wordpress\/2016\/08\/hendesse-fuer-deutschland","title":{"rendered":"Hendesse f\u00fcr Deutschland"},"content":{"rendered":"<p>Rechtzeitig zur neuen Saison starten wir heute die Serie &#8222;Hendesse f\u00fcr Deutschland&#8220;, mit der wir euch &#8211; unseren Fans &#8211; \u00fcber Nominierungen und internationale Eins\u00e4tze unserer L\u00f6wen auf dem Laufenden halten.<\/p>\n<p>Der Start in die internationale Saison beginnt heute mit dem Testspiel der DRV XV gegen die U23 des franz\u00f6sischen Erstligisten\u00a0Stade Rochelais.<\/p>\n<p>Marcus Bender (2. v.l.) startet auf der Position Nummer 1. Max Reinhard (l.) wird versuchen auf der zweiten Reihe direkt hinter ihm f\u00fcr ordentlich Druck zu Sorgen. Felix Martel (2 .v.r.) steht als Ersatz-Prop bereit.<br \/>\nVincent Spies (r.) war f\u00fcr die Startformation vorgesehen, verletzte sich aber im Verlauf der Vorbereitung.<\/p>\n<p><a href=\"http:\/\/www.tsv-rugby.de\/php\/wordpress\/wp-content\/uploads\/2016\/08\/Hendesse-f\u00fcr-Deutschland.jpg\"><img loading=\"lazy\" decoding=\"async\" class=\"alignleft wp-image-3391\" src=\"http:\/\/www.tsv-rugby.de\/php\/wordpress\/wp-content\/uploads\/2016\/08\/Hendesse-f\u00fcr-Deutschland.jpg\" width=\"494\" height=\"278\" srcset=\"https:\/\/www.tsv-rugby.de\/php\/wordpress\/wp-content\/uploads\/2016\/08\/Hendesse-f\u00fcr-Deutschland.jpg 800w, https:\/\/www.tsv-rugby.de\/php\/wordpress\/wp-content\/uploads\/2016\/08\/Hendesse-f\u00fcr-Deutschland-300x169.jpg 300w, https:\/\/www.tsv-rugby.de\/php\/wordpress\/wp-content\/uploads\/2016\/08\/Hendesse-f\u00fcr-Deutschland-768x432.jpg 768w\" sizes=\"auto, (max-width: 494px) 100vw, 494px\" \/><\/a><\/p>\n<p>Um weiterhin topaktuelle Infos &#038; Bilder rund um die L\u00f6wen zu erhalten, einfach\u00a0<a href=\"https:\/\/www.facebook.com\/tsvrugby\/\">TSV Handschuhsheim Rugby<\/a>\u00a0liken!<\/p>\n","protected":false},"excerpt":{"rendered":"<p>Rechtzeitig zur neuen Saison starten wir heute die Serie &#8222;Hendesse f\u00fcr Deutschland&#8220;, mit der wir euch &#8211; unseren Fans &#8211; \u00fcber Nominierungen und internationale Eins\u00e4tze unserer L\u00f6wen auf dem Laufenden halten. Der Start in die internationale Saison beginnt heute mit dem Testspiel der DRV XV gegen die U23 des franz\u00f6sischen Erstligisten\u00a0Stade Rochelais. Marcus Bender (2. [&hellip;]<\/p>\n","protected":false},"author":12,"featured_media":0,"comment_status":"closed","ping_status":"closed","sticky":false,"template":"","format":"standard","meta":{"footnotes":""},"categories":[3],"tags":[],"class_list":["post-3390","post","type-post","status-publish","format-standard","hentry","category-1-xv"],"_links":{"self":[{"href":"https:\/\/www.tsv-rugby.de\/php\/wordpress\/wp-json\/wp\/v2\/posts\/3390","targetHints":{"allow":["GET"]}}],"collection":[{"href":"https:\/\/www.tsv-rugby.de\/php\/wordpress\/wp-json\/wp\/v2\/posts"}],"about":[{"href":"https:\/\/www.tsv-rugby.de\/php\/wordpress\/wp-json\/wp\/v2\/types\/post"}],"author":[{"embeddable":true,"href":"https:\/\/www.tsv-rugby.de\/php\/wordpress\/wp-json\/wp\/v2\/users\/12"}],"replies":[{"embeddable":true,"href":"https:\/\/www.tsv-rugby.de\/php\/wordpress\/wp-json\/wp\/v2\/comments?post=3390"}],"version-history":[{"count":0,"href":"https:\/\/www.tsv-rugby.de\/php\/wordpress\/wp-json\/wp\/v2\/posts\/3390\/revisions"}],"wp:attachment":[{"href":"https:\/\/www.tsv-rugby.de\/php\/wordpress\/wp-json\/wp\/v2\/media?parent=3390"}],"wp:term":[{"taxonomy":"category","embeddable":true,"href":"https:\/\/www.tsv-rugby.de\/php\/wordpress\/wp-json\/wp\/v2\/categories?post=3390"},{"taxonomy":"post_tag","embeddable":true,"href":"https:\/\/www.tsv-rugby.de\/php\/wordpress\/wp-json\/wp\/v2\/tags?post=3390"}],"curies":[{"name":"wp","href":"https:\/\/api.w.org\/{rel}","templated":true}]}}