{"id":3941,"date":"2017-06-26T21:37:13","date_gmt":"2017-06-26T19:37:13","guid":{"rendered":"http:\/\/www.tsv-rugby.de\/php\/wordpress\/?p=3941"},"modified":"2017-06-27T19:48:56","modified_gmt":"2017-06-27T17:48:56","slug":"helden-des-alltags","status":"publish","type":"post","link":"https:\/\/www.tsv-rugby.de\/php\/wordpress\/2017\/06\/helden-des-alltags","title":{"rendered":"Helden des Alltags I"},"content":{"rendered":"<p>Passend zum Sommerfest am 8.7. stellen wir euch nach und nach die Helden des TSV-Alltags vor.<br \/>\nDen Anfang macht Jugendtrainer Felix Martel.<\/p>\n<p><a href=\"http:\/\/www.tsv-rugby.de\/php\/wordpress\/wp-content\/uploads\/2017\/06\/Werbung-FelixSommerfest.png\"><img loading=\"lazy\" decoding=\"async\" class=\"alignleft wp-image-3942\" src=\"http:\/\/www.tsv-rugby.de\/php\/wordpress\/wp-content\/uploads\/2017\/06\/Werbung-FelixSommerfest.png\" alt=\"\" width=\"332\" height=\"511\" srcset=\"https:\/\/www.tsv-rugby.de\/php\/wordpress\/wp-content\/uploads\/2017\/06\/Werbung-FelixSommerfest.png 520w, https:\/\/www.tsv-rugby.de\/php\/wordpress\/wp-content\/uploads\/2017\/06\/Werbung-FelixSommerfest-195x300.png 195w\" sizes=\"auto, (max-width: 332px) 100vw, 332px\" \/><\/a><\/p>\n<p><strong>TSV:<\/strong> Hallo Felix, du bist ein Eigengew\u00e4chs der Jugendarbeit des TSV, spielst mittlerweile fest in der 1. Mannschaft und bist auch f\u00fcr diverse DRV-Auswahlen aufgelaufen. Wie blickst du auf deine Ausbildung beim TSV zur\u00fcck?<!--more--><\/p>\n<p><strong>Felix Martel (F. M.):<\/strong> Die Ausbildung beim TSV war sehr gut. Vor allem durch die Betreuung durch mehrere Jugendtrainer mit unterschiedlichem Input. Au\u00dferdem verlief die Integration von der U18 in den Herrenbereich mit Hilfe von Peter Ianusevici sehr positiv.<\/p>\n<p><strong>TSV:<\/strong> Neben deiner zuvor angesprochenen Karriere als Spieler bist du auch als Trainer f\u00fcr den TSV t\u00e4tig &#8211; erz\u00e4hl&#8216; uns davon und worin du die St\u00e4rken des auf die Jugendarbeit fokussierten Konzepts siehst?<\/p>\n<p><strong>F. M.:<\/strong> Ja, ich trainiere aktuell die U12 und betreue mehrere Schul-AG&#8217;s. In zwei Wochen findet auch am Sommerfest ein Kooperationsschulturnier mit vielen Schulen statt. Das geht nat\u00fcrlich nur dank der vielen engagierten Leute \u2013 wovon es beim TSV viele gibt, was super ist! So sind wir breit aufgestellt und k\u00f6nnen viele Kinder an den Sport heranf\u00fchren.<\/p>\n<p><strong>TSV:<\/strong> Wo siehst du aktuell den gr\u00f6\u00dften Handlungsbedarf, bzw. was braucht die Jugendarbeit um in den n\u00e4chsten Jahren erfolgreich weiterzuarbeiten?<\/p>\n<p><strong>F. M.:<\/strong> Um die Kinder noch professioneller betreuen und f\u00f6rdern zu k\u00f6nnen, brauchen wir weitere kompetente Trainer.<br \/>\nUm es gut zu machen braucht man viel Zeit: Vorbereitung, Planung, Fortbildung, Organisation, das Training selbst und auch Zeit f\u00fcr Kinder &#038; Eltern danach.<br \/>\nDie Einnahmen vom Sommerfest werden f\u00fcr die Unterst\u00fctzung unserer Jugendabteilung verwendet, also kommt alle zum Sommerfest und feiert mit uns f\u00fcr den guten Zweck!<\/p>\n<p>Karten f\u00fcr die Sommernacht gibt es morgen ab 18 Uhr im Fanshop, unter loewensommer (at) web . de oder bei Sven Wetzel, Vincent Spies, Steffen Horn und Felix Martel.<\/p>\n","protected":false},"excerpt":{"rendered":"<p>Passend zum Sommerfest am 8.7. stellen wir euch nach und nach die Helden des TSV-Alltags vor. Den Anfang macht Jugendtrainer Felix Martel. TSV: Hallo Felix, du bist ein Eigengew\u00e4chs der Jugendarbeit des TSV, spielst mittlerweile fest in der 1. Mannschaft und bist auch f\u00fcr diverse DRV-Auswahlen aufgelaufen. Wie blickst du auf deine Ausbildung beim TSV [&hellip;]<\/p>\n","protected":false},"author":12,"featured_media":0,"comment_status":"closed","ping_status":"closed","sticky":false,"template":"","format":"standard","meta":{"footnotes":""},"categories":[1],"tags":[],"class_list":["post-3941","post","type-post","status-publish","format-standard","hentry","category-allgemein"],"_links":{"self":[{"href":"https:\/\/www.tsv-rugby.de\/php\/wordpress\/wp-json\/wp\/v2\/posts\/3941","targetHints":{"allow":["GET"]}}],"collection":[{"href":"https:\/\/www.tsv-rugby.de\/php\/wordpress\/wp-json\/wp\/v2\/posts"}],"about":[{"href":"https:\/\/www.tsv-rugby.de\/php\/wordpress\/wp-json\/wp\/v2\/types\/post"}],"author":[{"embeddable":true,"href":"https:\/\/www.tsv-rugby.de\/php\/wordpress\/wp-json\/wp\/v2\/users\/12"}],"replies":[{"embeddable":true,"href":"https:\/\/www.tsv-rugby.de\/php\/wordpress\/wp-json\/wp\/v2\/comments?post=3941"}],"version-history":[{"count":0,"href":"https:\/\/www.tsv-rugby.de\/php\/wordpress\/wp-json\/wp\/v2\/posts\/3941\/revisions"}],"wp:attachment":[{"href":"https:\/\/www.tsv-rugby.de\/php\/wordpress\/wp-json\/wp\/v2\/media?parent=3941"}],"wp:term":[{"taxonomy":"category","embeddable":true,"href":"https:\/\/www.tsv-rugby.de\/php\/wordpress\/wp-json\/wp\/v2\/categories?post=3941"},{"taxonomy":"post_tag","embeddable":true,"href":"https:\/\/www.tsv-rugby.de\/php\/wordpress\/wp-json\/wp\/v2\/tags?post=3941"}],"curies":[{"name":"wp","href":"https:\/\/api.w.org\/{rel}","templated":true}]}}