{"id":4651,"date":"2019-01-23T19:04:34","date_gmt":"2019-01-23T18:04:34","guid":{"rendered":"http:\/\/www.tsv-rugby.de\/php\/wordpress\/?p=4651"},"modified":"2019-01-24T09:27:54","modified_gmt":"2019-01-24T08:27:54","slug":"loewen-stellen-grossen-anteil-am-gesamtkader-der-nationalmannschaft","status":"publish","type":"post","link":"https:\/\/www.tsv-rugby.de\/php\/wordpress\/2019\/01\/loewen-stellen-grossen-anteil-am-gesamtkader-der-nationalmannschaft","title":{"rendered":"L\u00f6wen stellen gro\u00dfen Anteil an Gesamtkader der Nationalmannschaft"},"content":{"rendered":"\n<p>Mike Ford, der Trainer der deutschen Rugbynationalmannschaft hat zehn L\u00f6wen f\u00fcr seinen Gesamtkader zur Rugby Europe International Championship nominiert!<\/p>\n\n\n\n<p>Neben unseren Exil-L\u00f6wen Tim Menzel, Christopher Hilsenbeck, und Julius Nostadt, die in Frankreich beim RC Vannes und Stade Aurilliacois als Profis unter Vertrag stehen, werden mit Marcus Bender, Sebastian K\u00f6\u00dfler, Felix Martel, Eden Syme, Jaco Otto, Nikolai Klewinghaus und Marcel Coetzee sieben weitere L\u00f6wen der Bundesligamannschaft in den Gesamtkader der Nationalmannschaft berufen.<\/p>\n\n\n\n<p>Wir sind sehr stolz auf euch und w\u00fcnschen viel Spa\u00df und Erfolg!<\/p>\n\n\n\n<ul class=\"wp-block-gallery columns-3 is-cropped wp-block-gallery-1 is-layout-flex wp-block-gallery-is-layout-flex\"><li class=\"blocks-gallery-item\"><figure><img loading=\"lazy\" decoding=\"async\" width=\"663\" height=\"600\" src=\"http:\/\/www.tsv-rugby.de\/php\/wordpress\/wp-content\/uploads\/2019\/01\/Eden-Syme.jpg\" alt=\"\" data-id=\"4655\" data-link=\"http:\/\/www.tsv-rugby.de\/php\/wordpress\/?attachment_id=4655\" class=\"wp-image-4655\" srcset=\"https:\/\/www.tsv-rugby.de\/php\/wordpress\/wp-content\/uploads\/2019\/01\/Eden-Syme.jpg 663w, https:\/\/www.tsv-rugby.de\/php\/wordpress\/wp-content\/uploads\/2019\/01\/Eden-Syme-300x271.jpg 300w\" sizes=\"auto, (max-width: 663px) 100vw, 663px\" \/><\/figure><\/li><li class=\"blocks-gallery-item\"><figure><img loading=\"lazy\" decoding=\"async\" width=\"657\" height=\"600\" src=\"http:\/\/www.tsv-rugby.de\/php\/wordpress\/wp-content\/uploads\/2019\/01\/Sebastian-K\u00f6\u00dfler-1.jpg\" alt=\"\" data-id=\"4653\" data-link=\"http:\/\/www.tsv-rugby.de\/php\/wordpress\/?attachment_id=4653\" class=\"wp-image-4653\" srcset=\"https:\/\/www.tsv-rugby.de\/php\/wordpress\/wp-content\/uploads\/2019\/01\/Sebastian-K\u00f6\u00dfler-1.jpg 657w, https:\/\/www.tsv-rugby.de\/php\/wordpress\/wp-content\/uploads\/2019\/01\/Sebastian-K\u00f6\u00dfler-1-300x274.jpg 300w\" sizes=\"auto, (max-width: 657px) 100vw, 657px\" \/><\/figure><\/li><li class=\"blocks-gallery-item\"><figure><img loading=\"lazy\" decoding=\"async\" width=\"663\" height=\"600\" src=\"http:\/\/www.tsv-rugby.de\/php\/wordpress\/wp-content\/uploads\/2019\/01\/Marcus-Bender.jpg\" alt=\"\" data-id=\"4654\" data-link=\"http:\/\/www.tsv-rugby.de\/php\/wordpress\/?attachment_id=4654\" class=\"wp-image-4654\" srcset=\"https:\/\/www.tsv-rugby.de\/php\/wordpress\/wp-content\/uploads\/2019\/01\/Marcus-Bender.jpg 663w, https:\/\/www.tsv-rugby.de\/php\/wordpress\/wp-content\/uploads\/2019\/01\/Marcus-Bender-300x271.jpg 300w\" sizes=\"auto, (max-width: 663px) 100vw, 663px\" \/><\/figure><\/li><li class=\"blocks-gallery-item\"><figure><img decoding=\"async\" src=\"http:\/\/www.tsv-rugby.de\/php\/wordpress\/wp-content\/uploads\/2019\/01\/Felix-Martel.jpg\" alt=\"\" data-id=\"4656\" data-link=\"http:\/\/www.tsv-rugby.de\/php\/wordpress\/?attachment_id=4656\" class=\"wp-image-4656\" \/><\/figure><\/li><\/ul>\n\n\n\n<p>Eden Syme, Sebastian K\u00f6\u00dfler, Marcus Bender und Felix Martel sto\u00dfen in 2019 wieder zum Nationalmannschaftskader dazu.<\/p>\n","protected":false},"excerpt":{"rendered":"<p>Mike Ford, der Trainer der deutschen Rugbynationalmannschaft hat zehn L\u00f6wen f\u00fcr seinen Gesamtkader zur Rugby Europe International Championship nominiert! Neben unseren Exil-L\u00f6wen Tim Menzel, Christopher Hilsenbeck, und Julius Nostadt, die in Frankreich beim RC Vannes und Stade Aurilliacois als Profis unter Vertrag stehen, werden mit Marcus Bender, Sebastian K\u00f6\u00dfler, Felix Martel, Eden Syme, Jaco Otto, [&hellip;]<\/p>\n","protected":false},"author":12,"featured_media":0,"comment_status":"closed","ping_status":"closed","sticky":false,"template":"","format":"standard","meta":{"footnotes":""},"categories":[3],"tags":[],"class_list":["post-4651","post","type-post","status-publish","format-standard","hentry","category-1-xv"],"_links":{"self":[{"href":"https:\/\/www.tsv-rugby.de\/php\/wordpress\/wp-json\/wp\/v2\/posts\/4651","targetHints":{"allow":["GET"]}}],"collection":[{"href":"https:\/\/www.tsv-rugby.de\/php\/wordpress\/wp-json\/wp\/v2\/posts"}],"about":[{"href":"https:\/\/www.tsv-rugby.de\/php\/wordpress\/wp-json\/wp\/v2\/types\/post"}],"author":[{"embeddable":true,"href":"https:\/\/www.tsv-rugby.de\/php\/wordpress\/wp-json\/wp\/v2\/users\/12"}],"replies":[{"embeddable":true,"href":"https:\/\/www.tsv-rugby.de\/php\/wordpress\/wp-json\/wp\/v2\/comments?post=4651"}],"version-history":[{"count":0,"href":"https:\/\/www.tsv-rugby.de\/php\/wordpress\/wp-json\/wp\/v2\/posts\/4651\/revisions"}],"wp:attachment":[{"href":"https:\/\/www.tsv-rugby.de\/php\/wordpress\/wp-json\/wp\/v2\/media?parent=4651"}],"wp:term":[{"taxonomy":"category","embeddable":true,"href":"https:\/\/www.tsv-rugby.de\/php\/wordpress\/wp-json\/wp\/v2\/categories?post=4651"},{"taxonomy":"post_tag","embeddable":true,"href":"https:\/\/www.tsv-rugby.de\/php\/wordpress\/wp-json\/wp\/v2\/tags?post=4651"}],"curies":[{"name":"wp","href":"https:\/\/api.w.org\/{rel}","templated":true}]}}