{"id":4970,"date":"2019-10-14T00:43:53","date_gmt":"2019-10-13T22:43:53","guid":{"rendered":"https:\/\/www.tsv-rugby.de\/php\/wordpress\/?p=4970"},"modified":"2019-10-14T09:38:03","modified_gmt":"2019-10-14T07:38:03","slug":"loewen-feierten-ihren-70-geburtstag","status":"publish","type":"post","link":"https:\/\/www.tsv-rugby.de\/php\/wordpress\/2019\/10\/loewen-feierten-ihren-70-geburtstag","title":{"rendered":"L\u00f6wen feierten ihren 70.Geburtstag"},"content":{"rendered":"\n<p>Der Carl-Rottmann Saal wurde Samstag, den 5. Oktober bis weit in die Nacht von den feiernden L\u00f6wen gerockt!<\/p>\n\n\n\n<p>Von unserer Abteilungsleitung Matthias Bechtel und Elke Bayer, die gemeinsam mit dem &#8222;Geburtstagskind&#8220; Rainer Schlicksupp einen R\u00fcckblick auf siebzig Jahre L\u00f6wenrugby warfen und die hervorragende Jugendarbeit und Erfolge vorstellten.<\/p>\n\n\n\n<div class=\"wp-block-image\"><figure class=\"aligncenter\"><a href=\"https:\/\/www.tsv-rugby.de\/php\/wordpress\/wp-content\/uploads\/2019\/10\/Rainer_Jubiball.jpg\"><img loading=\"lazy\" decoding=\"async\" width=\"500\" height=\"674\" src=\"https:\/\/www.tsv-rugby.de\/php\/wordpress\/wp-content\/uploads\/2019\/10\/Rainer_Jubiball.jpg\" alt=\"\" class=\"wp-image-4971\" srcset=\"https:\/\/www.tsv-rugby.de\/php\/wordpress\/wp-content\/uploads\/2019\/10\/Rainer_Jubiball.jpg 500w, https:\/\/www.tsv-rugby.de\/php\/wordpress\/wp-content\/uploads\/2019\/10\/Rainer_Jubiball-223x300.jpg 223w\" sizes=\"auto, (max-width: 500px) 100vw, 500px\" \/><\/a><figcaption>Rainer Schlicksupp wurde an diesem Abend 70 Jahre jung! Foto: privat<\/figcaption><\/figure><\/div>\n\n\n\n<p>Von unseren L\u00f6winnen und L\u00f6wen-Teams, unserem Touch Team und insbesondere den Alten Herren, die sich alle auf witzige und charmante Weise vorstellten und hervorragend auf und vor der B\u00fchne pr\u00e4sentierten.<\/p>\n\n\n\n<div class=\"wp-block-image\"><figure class=\"aligncenter\"><a href=\"https:\/\/www.tsv-rugby.de\/php\/wordpress\/wp-content\/uploads\/2019\/10\/AH_Jubiball.jpg\"><img loading=\"lazy\" decoding=\"async\" width=\"800\" height=\"375\" src=\"https:\/\/www.tsv-rugby.de\/php\/wordpress\/wp-content\/uploads\/2019\/10\/AH_Jubiball-800x375.jpg\" alt=\"\" class=\"wp-image-4972\" srcset=\"https:\/\/www.tsv-rugby.de\/php\/wordpress\/wp-content\/uploads\/2019\/10\/AH_Jubiball-800x375.jpg 800w, https:\/\/www.tsv-rugby.de\/php\/wordpress\/wp-content\/uploads\/2019\/10\/AH_Jubiball-300x141.jpg 300w, https:\/\/www.tsv-rugby.de\/php\/wordpress\/wp-content\/uploads\/2019\/10\/AH_Jubiball-768x360.jpg 768w, https:\/\/www.tsv-rugby.de\/php\/wordpress\/wp-content\/uploads\/2019\/10\/AH_Jubiball.jpg 1200w\" sizes=\"auto, (max-width: 800px) 100vw, 800px\" \/><\/a><figcaption>Turniersieger und Meisterchor. Die Silberl\u00f6wen! &#8222;Das ist der TSV&#8230;.&#8220; Foto: privat<\/figcaption><\/figure><\/div>\n\n\n\n<p>Alles professionell umrahmt von unserem Topmoderator Momo Bayer, der gleich die Gelegenheit nutzte und die neuen L\u00f6wendompteure Mark Kuhlmann und Christopher Weselek mit einem sportlichen Interview auf der B\u00fchne vorstellte.<\/p>\n\n\n\n<div class=\"wp-block-image\"><figure class=\"aligncenter\"><a href=\"https:\/\/www.tsv-rugby.de\/php\/wordpress\/wp-content\/uploads\/2019\/10\/Ehrung_JubiBall.jpg\"><img loading=\"lazy\" decoding=\"async\" width=\"800\" height=\"372\" src=\"https:\/\/www.tsv-rugby.de\/php\/wordpress\/wp-content\/uploads\/2019\/10\/Ehrung_JubiBall-800x372.jpg\" alt=\"\" class=\"wp-image-4973\" srcset=\"https:\/\/www.tsv-rugby.de\/php\/wordpress\/wp-content\/uploads\/2019\/10\/Ehrung_JubiBall-800x372.jpg 800w, https:\/\/www.tsv-rugby.de\/php\/wordpress\/wp-content\/uploads\/2019\/10\/Ehrung_JubiBall-300x140.jpg 300w, https:\/\/www.tsv-rugby.de\/php\/wordpress\/wp-content\/uploads\/2019\/10\/Ehrung_JubiBall-768x357.jpg 768w, https:\/\/www.tsv-rugby.de\/php\/wordpress\/wp-content\/uploads\/2019\/10\/Ehrung_JubiBall.jpg 1200w\" sizes=\"auto, (max-width: 800px) 100vw, 800px\" \/><\/a><figcaption>Ehrung der Deutschen Vizemeister 2019 die U12, die U16 und die Herrnmannschaft! Foto: privat<\/figcaption><\/figure><\/div>\n\n\n\n<p>Weitere H\u00f6hepunkte waren die Versteigerung unserer 1. Mannschaftsspieler, Kurt Straub, der die L\u00f6wen verzauberte, eine Fotobox zum Ablichten mit Freunden im besten Zwirn, die Tombola mit tollen Preisen, die Liveband &#8222;Best Friends&#8220;, die mit ihrer tollen Performance begeisterte und die Tanzfl\u00e4che f\u00fcllte, der Caterer mit kulinarischen K\u00f6stlichkeiten sowie das Kerwekulturgut &#8222;Titty Twister Bar&#8220;.<\/p>\n\n\n\n<p>Die L\u00f6wen bedanken sich bei allen Freunden des Hendsemer Rugby, den Ehreng\u00e4sten, den Spendern zur Tombola und nat\u00fcrlich den unerm\u00fcdlichen Unterst\u00fctzern, die alle mit ihrem Einsatz in der Vorbereitung und am Abend und schon das ganze Jahr hindurch den Ball zu einem ganz besonderen Event im L\u00f6wenkalender gemacht haben.<\/p>\n\n\n\n<div class=\"wp-block-image\"><figure class=\"aligncenter is-resized\"><img loading=\"lazy\" decoding=\"async\" src=\"https:\/\/www.tsv-rugby.de\/php\/wordpress\/wp-content\/uploads\/2019\/10\/L\u00f6we_mit_Sektglas-800x800.png\" alt=\"\" class=\"wp-image-4974\" width=\"400\" height=\"400\" srcset=\"https:\/\/www.tsv-rugby.de\/php\/wordpress\/wp-content\/uploads\/2019\/10\/L\u00f6we_mit_Sektglas-800x800.png 800w, https:\/\/www.tsv-rugby.de\/php\/wordpress\/wp-content\/uploads\/2019\/10\/L\u00f6we_mit_Sektglas-150x150.png 150w, https:\/\/www.tsv-rugby.de\/php\/wordpress\/wp-content\/uploads\/2019\/10\/L\u00f6we_mit_Sektglas-300x300.png 300w, https:\/\/www.tsv-rugby.de\/php\/wordpress\/wp-content\/uploads\/2019\/10\/L\u00f6we_mit_Sektglas-768x768.png 768w, https:\/\/www.tsv-rugby.de\/php\/wordpress\/wp-content\/uploads\/2019\/10\/L\u00f6we_mit_Sektglas-50x50.png 50w, https:\/\/www.tsv-rugby.de\/php\/wordpress\/wp-content\/uploads\/2019\/10\/L\u00f6we_mit_Sektglas-80x80.png 80w, https:\/\/www.tsv-rugby.de\/php\/wordpress\/wp-content\/uploads\/2019\/10\/L\u00f6we_mit_Sektglas.png 1000w\" sizes=\"auto, (max-width: 400px) 100vw, 400px\" \/><figcaption>Gute gebr\u00fcllt die L\u00f6wen!<\/figcaption><\/figure><\/div>\n\n\n\n<p>Und daher ist unser Motto: Nach dem Ball ist vor dem Ball!<\/p>\n","protected":false},"excerpt":{"rendered":"<p>Der Carl-Rottmann Saal wurde Samstag, den 5. Oktober bis weit in die Nacht von den feiernden L\u00f6wen gerockt! Von unserer Abteilungsleitung Matthias Bechtel und Elke Bayer, die gemeinsam mit dem &#8222;Geburtstagskind&#8220; Rainer Schlicksupp einen R\u00fcckblick auf siebzig Jahre L\u00f6wenrugby warfen und die hervorragende Jugendarbeit und Erfolge vorstellten. Von unseren L\u00f6winnen und L\u00f6wen-Teams, unserem Touch Team [&hellip;]<\/p>\n","protected":false},"author":12,"featured_media":0,"comment_status":"closed","ping_status":"closed","sticky":false,"template":"","format":"standard","meta":{"footnotes":""},"categories":[1],"tags":[],"class_list":["post-4970","post","type-post","status-publish","format-standard","hentry","category-allgemein"],"_links":{"self":[{"href":"https:\/\/www.tsv-rugby.de\/php\/wordpress\/wp-json\/wp\/v2\/posts\/4970","targetHints":{"allow":["GET"]}}],"collection":[{"href":"https:\/\/www.tsv-rugby.de\/php\/wordpress\/wp-json\/wp\/v2\/posts"}],"about":[{"href":"https:\/\/www.tsv-rugby.de\/php\/wordpress\/wp-json\/wp\/v2\/types\/post"}],"author":[{"embeddable":true,"href":"https:\/\/www.tsv-rugby.de\/php\/wordpress\/wp-json\/wp\/v2\/users\/12"}],"replies":[{"embeddable":true,"href":"https:\/\/www.tsv-rugby.de\/php\/wordpress\/wp-json\/wp\/v2\/comments?post=4970"}],"version-history":[{"count":0,"href":"https:\/\/www.tsv-rugby.de\/php\/wordpress\/wp-json\/wp\/v2\/posts\/4970\/revisions"}],"wp:attachment":[{"href":"https:\/\/www.tsv-rugby.de\/php\/wordpress\/wp-json\/wp\/v2\/media?parent=4970"}],"wp:term":[{"taxonomy":"category","embeddable":true,"href":"https:\/\/www.tsv-rugby.de\/php\/wordpress\/wp-json\/wp\/v2\/categories?post=4970"},{"taxonomy":"post_tag","embeddable":true,"href":"https:\/\/www.tsv-rugby.de\/php\/wordpress\/wp-json\/wp\/v2\/tags?post=4970"}],"curies":[{"name":"wp","href":"https:\/\/api.w.org\/{rel}","templated":true}]}}