{"id":5869,"date":"2025-05-12T19:19:51","date_gmt":"2025-05-12T17:19:51","guid":{"rendered":"https:\/\/www.tsv-rugby.de\/php\/wordpress\/?p=5869"},"modified":"2025-05-12T22:24:21","modified_gmt":"2025-05-12T20:24:21","slug":"die-freundschaft-lebt","status":"publish","type":"post","link":"https:\/\/www.tsv-rugby.de\/php\/wordpress\/2025\/05\/die-freundschaft-lebt","title":{"rendered":"Die Freundschaft lebt"},"content":{"rendered":"\n<p><strong>Vichy\/Heidelberg.<\/strong> (lb) Im Rahmen der vom Deutsch-Franz\u00f6sischen Jugendwerk gef\u00f6rderten Reise konnte an Ostern wieder eine TSV-Delegation am Jugendaustausch mit Vichy teilnehmen. Alle freuten sich auf ein Wiedersehen und entsprechend herzlich fiel die Begr\u00fc\u00dfung durch die Gastfamilien aus.<\/p>\n\n\n<div class=\"wp-block-image\">\n<figure class=\"aligncenter size-large\"><a href=\"https:\/\/www.tsv-rugby.de\/php\/wordpress\/wp-content\/uploads\/2025\/05\/image.png\"><img loading=\"lazy\" decoding=\"async\" width=\"800\" height=\"800\" src=\"https:\/\/www.tsv-rugby.de\/php\/wordpress\/wp-content\/uploads\/2025\/05\/image-800x800.png\" alt=\"\" class=\"wp-image-5870\" srcset=\"https:\/\/www.tsv-rugby.de\/php\/wordpress\/wp-content\/uploads\/2025\/05\/image-800x800.png 800w, https:\/\/www.tsv-rugby.de\/php\/wordpress\/wp-content\/uploads\/2025\/05\/image-300x300.png 300w, https:\/\/www.tsv-rugby.de\/php\/wordpress\/wp-content\/uploads\/2025\/05\/image-150x150.png 150w, https:\/\/www.tsv-rugby.de\/php\/wordpress\/wp-content\/uploads\/2025\/05\/image-768x768.png 768w, https:\/\/www.tsv-rugby.de\/php\/wordpress\/wp-content\/uploads\/2025\/05\/image-50x50.png 50w, https:\/\/www.tsv-rugby.de\/php\/wordpress\/wp-content\/uploads\/2025\/05\/image-80x80.png 80w, https:\/\/www.tsv-rugby.de\/php\/wordpress\/wp-content\/uploads\/2025\/05\/image.png 1181w\" sizes=\"auto, (max-width: 800px) 100vw, 800px\" \/><\/a><figcaption class=\"wp-element-caption\">Die Ma\u00dfnahme konnte auch dank der Unterst\u00fctzung des Deutsch-Franz\u00f6sischen Jugendwerks durchgef\u00fchrt werden. Bild: OFAJ<\/figcaption><\/figure>\n<\/div>\n\n\n<p>Schon am n\u00e4chsten Tag gab es ein echtes Highlight: Ein Besuch im Stadion von ASM Clermont mit \u00f6ffentlichem Training und Autogrammjagd. Am Nachmittag erkundeten die Handschuhsheimer die Akademie mit Einblicken in Kraftraum, B\u00fcros und Trainingsgel\u00e4nde.<\/p>\n\n\n<div class=\"wp-block-image\">\n<figure class=\"aligncenter size-large\"><a href=\"https:\/\/www.tsv-rugby.de\/php\/wordpress\/wp-content\/uploads\/2025\/05\/image-1.png\"><img loading=\"lazy\" decoding=\"async\" width=\"800\" height=\"450\" src=\"https:\/\/www.tsv-rugby.de\/php\/wordpress\/wp-content\/uploads\/2025\/05\/image-1-800x450.png\" alt=\"\" class=\"wp-image-5871\" srcset=\"https:\/\/www.tsv-rugby.de\/php\/wordpress\/wp-content\/uploads\/2025\/05\/image-1-800x450.png 800w, https:\/\/www.tsv-rugby.de\/php\/wordpress\/wp-content\/uploads\/2025\/05\/image-1-300x169.png 300w, https:\/\/www.tsv-rugby.de\/php\/wordpress\/wp-content\/uploads\/2025\/05\/image-1-768x432.png 768w, https:\/\/www.tsv-rugby.de\/php\/wordpress\/wp-content\/uploads\/2025\/05\/image-1.png 1536w\" sizes=\"auto, (max-width: 800px) 100vw, 800px\" \/><\/a><figcaption class=\"wp-element-caption\">Gemischte Trainings stehen auf dem Programm. Foto: Larissa Bechtel<\/figcaption><\/figure>\n<\/div>\n\n<div class=\"wp-block-image\">\n<figure class=\"aligncenter size-large\"><a href=\"https:\/\/www.tsv-rugby.de\/php\/wordpress\/wp-content\/uploads\/2025\/05\/image-2.png\"><img loading=\"lazy\" decoding=\"async\" width=\"800\" height=\"450\" src=\"https:\/\/www.tsv-rugby.de\/php\/wordpress\/wp-content\/uploads\/2025\/05\/image-2-800x450.png\" alt=\"\" class=\"wp-image-5872\" srcset=\"https:\/\/www.tsv-rugby.de\/php\/wordpress\/wp-content\/uploads\/2025\/05\/image-2-800x450.png 800w, https:\/\/www.tsv-rugby.de\/php\/wordpress\/wp-content\/uploads\/2025\/05\/image-2-300x169.png 300w, https:\/\/www.tsv-rugby.de\/php\/wordpress\/wp-content\/uploads\/2025\/05\/image-2-768x432.png 768w, https:\/\/www.tsv-rugby.de\/php\/wordpress\/wp-content\/uploads\/2025\/05\/image-2.png 1536w\" sizes=\"auto, (max-width: 800px) 100vw, 800px\" \/><\/a><figcaption class=\"wp-element-caption\">Die Jugendlichen lernen viel voneinander. Foto: Larissa Bechtel<\/figcaption><\/figure>\n<\/div>\n\n\n<p>Am n\u00e4chsten Tag folgte ein Stadtausflug in das sch\u00f6ne, wenn auch regnerische, Vichy. Nachmittags fand ein gemeinsames Training auf dem Rugbyplatz statt. Am Donnerstag folgte eine sportliche Olympiade mit viel Teamgeist, Spa\u00df und neuen Informationen zu Land, Gepflogenheiten und Leuten. Abends trafen sich die L\u00f6wen im Stadion mit Jugendlichen aus anderen Vereinen.<\/p>\n\n\n<div class=\"wp-block-image\">\n<figure class=\"aligncenter size-full\"><a href=\"https:\/\/www.tsv-rugby.de\/php\/wordpress\/wp-content\/uploads\/2025\/05\/image-3.png\"><img loading=\"lazy\" decoding=\"async\" width=\"792\" height=\"594\" src=\"https:\/\/www.tsv-rugby.de\/php\/wordpress\/wp-content\/uploads\/2025\/05\/image-3.png\" alt=\"\" class=\"wp-image-5873\" srcset=\"https:\/\/www.tsv-rugby.de\/php\/wordpress\/wp-content\/uploads\/2025\/05\/image-3.png 792w, https:\/\/www.tsv-rugby.de\/php\/wordpress\/wp-content\/uploads\/2025\/05\/image-3-300x225.png 300w, https:\/\/www.tsv-rugby.de\/php\/wordpress\/wp-content\/uploads\/2025\/05\/image-3-768x576.png 768w, https:\/\/www.tsv-rugby.de\/php\/wordpress\/wp-content\/uploads\/2025\/05\/image-3-400x300.png 400w\" sizes=\"auto, (max-width: 792px) 100vw, 792px\" \/><\/a><figcaption class=\"wp-element-caption\">In der Pause d\u00fcrfen die Handschuhsheimer aufs Basketball-Parkett hinunter. Foto: Larissa Bechtel<\/figcaption><\/figure>\n<\/div>\n\n\n<p>Der Freitag war besonders abwechslungsreich: Am Morgen trainierten die Reisenden Basketball, am Mittag spielten sie Rugby: erst gegen die Gastgeber, dann in gemischten Teams. Abends besuchten alle gemeinsam ein Spiel der Vichy-Basketballherren. In der Halbzeitpause durften die TSVler f\u00fcr eine symbolische Trikot\u00fcbergabe aufs Spielfeld. Samstags hie\u00df es dann Abschied nehmen &#8211; mit vielen neuen Eindr\u00fccken, Freundschaften und unvergesslichen Momenten im Gep\u00e4ck.<br><\/p>\n","protected":false},"excerpt":{"rendered":"<p>Vichy\/Heidelberg. (lb) Im Rahmen der vom Deutsch-Franz\u00f6sischen Jugendwerk gef\u00f6rderten Reise konnte an Ostern wieder eine TSV-Delegation am Jugendaustausch mit Vichy teilnehmen. Alle freuten sich auf ein Wiedersehen und entsprechend herzlich fiel die Begr\u00fc\u00dfung durch die Gastfamilien aus. Schon am n\u00e4chsten Tag gab es ein echtes Highlight: Ein Besuch im Stadion von ASM Clermont mit \u00f6ffentlichem [&hellip;]<\/p>\n","protected":false},"author":12,"featured_media":0,"comment_status":"closed","ping_status":"closed","sticky":false,"template":"","format":"standard","meta":{"footnotes":""},"categories":[5],"tags":[],"class_list":["post-5869","post","type-post","status-publish","format-standard","hentry","category-jugend"],"_links":{"self":[{"href":"https:\/\/www.tsv-rugby.de\/php\/wordpress\/wp-json\/wp\/v2\/posts\/5869","targetHints":{"allow":["GET"]}}],"collection":[{"href":"https:\/\/www.tsv-rugby.de\/php\/wordpress\/wp-json\/wp\/v2\/posts"}],"about":[{"href":"https:\/\/www.tsv-rugby.de\/php\/wordpress\/wp-json\/wp\/v2\/types\/post"}],"author":[{"embeddable":true,"href":"https:\/\/www.tsv-rugby.de\/php\/wordpress\/wp-json\/wp\/v2\/users\/12"}],"replies":[{"embeddable":true,"href":"https:\/\/www.tsv-rugby.de\/php\/wordpress\/wp-json\/wp\/v2\/comments?post=5869"}],"version-history":[{"count":0,"href":"https:\/\/www.tsv-rugby.de\/php\/wordpress\/wp-json\/wp\/v2\/posts\/5869\/revisions"}],"wp:attachment":[{"href":"https:\/\/www.tsv-rugby.de\/php\/wordpress\/wp-json\/wp\/v2\/media?parent=5869"}],"wp:term":[{"taxonomy":"category","embeddable":true,"href":"https:\/\/www.tsv-rugby.de\/php\/wordpress\/wp-json\/wp\/v2\/categories?post=5869"},{"taxonomy":"post_tag","embeddable":true,"href":"https:\/\/www.tsv-rugby.de\/php\/wordpress\/wp-json\/wp\/v2\/tags?post=5869"}],"curies":[{"name":"wp","href":"https:\/\/api.w.org\/{rel}","templated":true}]}}